{"id":2883,"date":"2026-03-11T08:02:38","date_gmt":"2026-03-11T08:02:38","guid":{"rendered":"https:\/\/www.art-for-good.org\/?p=2883"},"modified":"2026-03-11T08:37:31","modified_gmt":"2026-03-11T08:37:31","slug":"art-up-lille-2026-art-for-good-met-lart-engage-a-lhonneur","status":"publish","type":"post","link":"https:\/\/www.art-for-good.org\/en\/2026\/03\/11\/art-up-lille-2026-art-for-good-met-lart-engage-a-lhonneur\/","title":{"rendered":"Art Up! Lille 2026 \u2013 Art for Good met l\u2019art engag\u00e9 \u00e0 l\u2019honneur"},"content":{"rendered":"\t\t<div data-elementor-type=\"wp-post\" data-elementor-id=\"2883\" class=\"elementor elementor-2883\" data-elementor-post-type=\"post\">\n\t\t\t\t<div class=\"elementor-element elementor-element-4160c5d e-flex e-con-boxed wpr-particle-no wpr-jarallax-no wpr-parallax-no wpr-sticky-section-no e-con e-parent\" data-id=\"4160c5d\" data-element_type=\"container\" data-e-type=\"container\">\n\t\t\t\t\t<div class=\"e-con-inner\">\n\t\t\t\t<div class=\"elementor-element elementor-element-f2007dd elementor-widget elementor-widget-video\" data-id=\"f2007dd\" data-element_type=\"widget\" data-e-type=\"widget\" data-settings=\"{&quot;video_type&quot;:&quot;hosted&quot;,&quot;autoplay&quot;:&quot;yes&quot;,&quot;mute&quot;:&quot;yes&quot;,&quot;controls&quot;:&quot;yes&quot;}\" data-widget_type=\"video.default\">\n\t\t\t\t<div class=\"elementor-widget-container\">\n\t\t\t\t\t\t\t<div class=\"e-hosted-video elementor-wrapper elementor-open-inline\">\n\t\t\t\t\t<video class=\"elementor-video\" src=\"https:\/\/www.art-for-good.org\/wp-content\/uploads\/2026\/03\/WhatsApp-Video-2026-03-10-at-19.08.17.mp4\" autoplay=\"\" controls=\"\" muted=\"muted\" controlsList=\"nodownload\"><\/video>\n\t\t\t\t<\/div>\n\t\t\t\t\t\t<\/div>\n\t\t\t\t<\/div>\n\t\t\t\t\t<\/div>\n\t\t\t\t<\/div>\n\t\t<div class=\"elementor-element elementor-element-ff59c03 e-flex e-con-boxed wpr-particle-no wpr-jarallax-no wpr-parallax-no wpr-sticky-section-no e-con e-parent\" data-id=\"ff59c03\" data-element_type=\"container\" data-e-type=\"container\">\n\t\t\t\t\t<div class=\"e-con-inner\">\n\t\t\t\t<div class=\"elementor-element elementor-element-68c4913 elementor-widget elementor-widget-text-editor\" data-id=\"68c4913\" data-element_type=\"widget\" data-e-type=\"widget\" data-widget_type=\"text-editor.default\">\n\t\t\t\t<div class=\"elementor-widget-container\">\n\t\t\t\t\t\t\t\t\t<blockquote><p class=\"my-2 [&amp;+p]:mt-4 [&amp;_strong:has(+br)]:inline-block [&amp;_strong:has(+br)]:pb-2\">Du 13 au 16 mars 2026,\u00a0<strong>Art for Good<\/strong>\u00a0participe au\u00a0<strong>Salon Art Up! de Lille<\/strong>, l\u2019un des plus grands \u00e9v\u00e9nements d\u2019art contemporain en r\u00e9gion. Sur notre stand, retrouvez une s\u00e9lection d\u2019artistes \u00e9mergents et confirm\u00e9s qui explorent l\u2019art sous l\u2019angle du\u00a0<strong>sens et de l\u2019engagement<\/strong>.<\/p><p class=\"my-2 [&amp;+p]:mt-4 [&amp;_strong:has(+br)]:inline-block [&amp;_strong:has(+br)]:pb-2\">Cette ann\u00e9e, nous mettons en lumi\u00e8re des \u0153uvres qui questionnent le rapport entre l\u2019humain et son environnement. Une d\u00e9marche fid\u00e8le \u00e0 notre mission\u202f:\u00a0<strong>soutenir un art solidaire et porteur de sens<\/strong>, tout en favorisant la rencontre entre artistes, collectionneurs et institutions.<\/p><p class=\"my-2 [&amp;+p]:mt-4 [&amp;_strong:has(+br)]:inline-block [&amp;_strong:has(+br)]:pb-2\">\ud83d\udccd\u00a0<strong>Rendez-vous \u00e0 Lille Grand Palais \u2013 Stand Art for Good \u2013 Art Up! 2026<\/strong><br \/>\ud83d\udc49 D\u00e9couvrez le programme complet sur\u00a0<a class=\"reset interactable cursor-pointer decoration-1 underline-offset-1 text-super hover:underline font-semibold\" href=\"https:\/\/artforgood.fr\/\" target=\"_blank\" rel=\"nofollow noopener\"><span class=\"text-box-trim-both\">artforgood.fr<\/span><\/a><\/p><\/blockquote>\t\t\t\t\t\t\t\t<\/div>\n\t\t\t\t<\/div>\n\t\t\t\t\t<\/div>\n\t\t\t\t<\/div>\n\t\t\t\t<\/div>\n\t\t","protected":false},"excerpt":{"rendered":"<p>https:\/\/www.art-for-good.org\/wp-content\/uploads\/2026\/03\/WhatsApp-Video-2026-03-10-at-19.08.17.mp4 Du 13 au 16 mars 2026,\u00a0Art for Good\u00a0participe au\u00a0Salon Art Up! de Lille, l\u2019un des plus grands \u00e9v\u00e9nements d\u2019art contemporain en r\u00e9gion. Sur notre stand, retrouvez une s\u00e9lection d\u2019artistes \u00e9mergents et confirm\u00e9s qui explorent l\u2019art sous l\u2019angle du\u00a0sens et de l\u2019engagement. Cette ann\u00e9e, nous mettons en lumi\u00e8re des \u0153uvres qui questionnent le rapport entre l\u2019humain et son environnement. Une d\u00e9marche fid\u00e8le \u00e0 notre mission\u202f:\u00a0soutenir un art solidaire et porteur de sens, tout en favorisant la rencontre entre artistes, collectionneurs et institutions. \ud83d\udccd\u00a0Rendez-vous \u00e0 Lille Grand Palais \u2013 Stand Art for Good \u2013 Art Up! 2026\ud83d\udc49 D\u00e9couvrez le programme complet sur\u00a0artforgood.fr<\/p>","protected":false},"author":1,"featured_media":2902,"comment_status":"open","ping_status":"open","sticky":false,"template":"","format":"standard","meta":{"site-sidebar-layout":"default","site-content-layout":"","ast-site-content-layout":"default","site-content-style":"default","site-sidebar-style":"default","ast-global-header-display":"","ast-banner-title-visibility":"","ast-main-header-display":"","ast-hfb-above-header-display":"","ast-hfb-below-header-display":"","ast-hfb-mobile-header-display":"","site-post-title":"","ast-breadcrumbs-content":"","ast-featured-img":"","footer-sml-layout":"","theme-transparent-header-meta":"","adv-header-id-meta":"","stick-header-meta":"","header-above-stick-meta":"","header-main-stick-meta":"","header-below-stick-meta":"","astra-migrate-meta-layouts":"default","ast-page-background-enabled":"default","ast-page-background-meta":{"desktop":{"background-color":"var(--ast-global-color-4)","background-image":"","background-repeat":"repeat","background-position":"center center","background-size":"auto","background-attachment":"scroll","background-type":"","background-media":"","overlay-type":"","overlay-color":"","overlay-opacity":"","overlay-gradient":""},"tablet":{"background-color":"","background-image":"","background-repeat":"repeat","background-position":"center center","background-size":"auto","background-attachment":"scroll","background-type":"","background-media":"","overlay-type":"","overlay-color":"","overlay-opacity":"","overlay-gradient":""},"mobile":{"background-color":"","background-image":"","background-repeat":"repeat","background-position":"center center","background-size":"auto","background-attachment":"scroll","background-type":"","background-media":"","overlay-type":"","overlay-color":"","overlay-opacity":"","overlay-gradient":""}},"ast-content-background-meta":{"desktop":{"background-color":"var(--ast-global-color-5)","background-image":"","background-repeat":"repeat","background-position":"center center","background-size":"auto","background-attachment":"scroll","background-type":"","background-media":"","overlay-type":"","overlay-color":"","overlay-opacity":"","overlay-gradient":""},"tablet":{"background-color":"var(--ast-global-color-5)","background-image":"","background-repeat":"repeat","background-position":"center center","background-size":"auto","background-attachment":"scroll","background-type":"","background-media":"","overlay-type":"","overlay-color":"","overlay-opacity":"","overlay-gradient":""},"mobile":{"background-color":"var(--ast-global-color-5)","background-image":"","background-repeat":"repeat","background-position":"center center","background-size":"auto","background-attachment":"scroll","background-type":"","background-media":"","overlay-type":"","overlay-color":"","overlay-opacity":"","overlay-gradient":""}},"_jetpack_memberships_contains_paid_content":false,"footnotes":""},"categories":[8],"tags":[],"class_list":["post-2883","post","type-post","status-publish","format-standard","has-post-thumbnail","hentry","category-evenements"],"yoast_head":"<!-- This site is optimized with the Yoast SEO plugin v27.5 - https:\/\/yoast.com\/product\/yoast-seo-wordpress\/ -->\n<title>Art Up! Lille 2026 \u2013 Art for Good met l\u2019art engag\u00e9 \u00e0 l\u2019honneur - ArtForGood<\/title>\n<meta name=\"robots\" content=\"index, follow, max-snippet:-1, max-image-preview:large, max-video-preview:-1\" \/>\n<link rel=\"canonical\" href=\"https:\/\/www.art-for-good.org\/en\/2026\/03\/11\/art-up-lille-2026-art-for-good-met-lart-engage-a-lhonneur\/\" \/>\n<meta property=\"og:locale\" content=\"en_US\" \/>\n<meta property=\"og:type\" content=\"article\" \/>\n<meta property=\"og:title\" content=\"Art Up! Lille 2026 \u2013 Art for Good met l\u2019art engag\u00e9 \u00e0 l\u2019honneur - ArtForGood\" \/>\n<meta property=\"og:description\" content=\"https:\/\/www.art-for-good.org\/wp-content\/uploads\/2026\/03\/WhatsApp-Video-2026-03-10-at-19.08.17.mp4 Du 13 au 16 mars 2026,\u00a0Art for Good\u00a0participe au\u00a0Salon Art Up! de Lille, l\u2019un des plus grands \u00e9v\u00e9nements d\u2019art contemporain en r\u00e9gion. Sur notre stand, retrouvez une s\u00e9lection d\u2019artistes \u00e9mergents et confirm\u00e9s qui explorent l\u2019art sous l\u2019angle du\u00a0sens et de l\u2019engagement. Cette ann\u00e9e, nous mettons en lumi\u00e8re des \u0153uvres qui questionnent le rapport entre l\u2019humain et son environnement. Une d\u00e9marche fid\u00e8le \u00e0 notre mission\u202f:\u00a0soutenir un art solidaire et porteur de sens, tout en favorisant la rencontre entre artistes, collectionneurs et institutions. \ud83d\udccd\u00a0Rendez-vous \u00e0 Lille Grand Palais \u2013 Stand Art for Good \u2013 Art Up! 2026\ud83d\udc49 D\u00e9couvrez le programme complet sur\u00a0artforgood.fr\" \/>\n<meta property=\"og:url\" content=\"https:\/\/www.art-for-good.org\/en\/2026\/03\/11\/art-up-lille-2026-art-for-good-met-lart-engage-a-lhonneur\/\" \/>\n<meta property=\"og:site_name\" content=\"ArtForGood\" \/>\n<meta property=\"article:published_time\" content=\"2026-03-11T08:02:38+00:00\" \/>\n<meta property=\"article:modified_time\" content=\"2026-03-11T08:37:31+00:00\" \/>\n<meta property=\"og:image\" content=\"https:\/\/www.art-for-good.org\/wp-content\/uploads\/2026\/03\/artuplille.png\" \/>\n\t<meta property=\"og:image:width\" content=\"852\" \/>\n\t<meta property=\"og:image:height\" content=\"853\" \/>\n\t<meta property=\"og:image:type\" content=\"image\/png\" \/>\n<meta name=\"author\" content=\"artforgood\" \/>\n<meta name=\"twitter:card\" content=\"summary_large_image\" \/>\n<meta name=\"twitter:label1\" content=\"Written by\" \/>\n\t<meta name=\"twitter:data1\" content=\"artforgood\" \/>\n\t<meta name=\"twitter:label2\" content=\"Est. reading time\" \/>\n\t<meta name=\"twitter:data2\" content=\"1 minute\" \/>\n<script type=\"application\/ld+json\" class=\"yoast-schema-graph\">{\"@context\":\"https:\\\/\\\/schema.org\",\"@graph\":[{\"@type\":\"Article\",\"@id\":\"https:\\\/\\\/www.art-for-good.org\\\/2026\\\/03\\\/11\\\/art-up-lille-2026-art-for-good-met-lart-engage-a-lhonneur\\\/#article\",\"isPartOf\":{\"@id\":\"https:\\\/\\\/www.art-for-good.org\\\/2026\\\/03\\\/11\\\/art-up-lille-2026-art-for-good-met-lart-engage-a-lhonneur\\\/\"},\"author\":{\"name\":\"artforgood\",\"@id\":\"https:\\\/\\\/www.art-for-good.org\\\/#\\\/schema\\\/person\\\/1f25cb0b74c802ba871fb7aeb85f6496\"},\"headline\":\"Art Up! Lille 2026 \u2013 Art for Good met l\u2019art engag\u00e9 \u00e0 l\u2019honneur\",\"datePublished\":\"2026-03-11T08:02:38+00:00\",\"dateModified\":\"2026-03-11T08:37:31+00:00\",\"mainEntityOfPage\":{\"@id\":\"https:\\\/\\\/www.art-for-good.org\\\/2026\\\/03\\\/11\\\/art-up-lille-2026-art-for-good-met-lart-engage-a-lhonneur\\\/\"},\"wordCount\":138,\"commentCount\":0,\"publisher\":{\"@id\":\"https:\\\/\\\/www.art-for-good.org\\\/#organization\"},\"image\":{\"@id\":\"https:\\\/\\\/www.art-for-good.org\\\/2026\\\/03\\\/11\\\/art-up-lille-2026-art-for-good-met-lart-engage-a-lhonneur\\\/#primaryimage\"},\"thumbnailUrl\":\"https:\\\/\\\/www.art-for-good.org\\\/wp-content\\\/uploads\\\/2026\\\/03\\\/artuplille.png\",\"articleSection\":[\"\u00c9v\u00e9nements\"],\"inLanguage\":\"en-US\",\"potentialAction\":[{\"@type\":\"CommentAction\",\"name\":\"Comment\",\"target\":[\"https:\\\/\\\/www.art-for-good.org\\\/2026\\\/03\\\/11\\\/art-up-lille-2026-art-for-good-met-lart-engage-a-lhonneur\\\/#respond\"]}]},{\"@type\":\"WebPage\",\"@id\":\"https:\\\/\\\/www.art-for-good.org\\\/2026\\\/03\\\/11\\\/art-up-lille-2026-art-for-good-met-lart-engage-a-lhonneur\\\/\",\"url\":\"https:\\\/\\\/www.art-for-good.org\\\/2026\\\/03\\\/11\\\/art-up-lille-2026-art-for-good-met-lart-engage-a-lhonneur\\\/\",\"name\":\"Art Up! Lille 2026 \u2013 Art for Good met l\u2019art engag\u00e9 \u00e0 l\u2019honneur - ArtForGood\",\"isPartOf\":{\"@id\":\"https:\\\/\\\/www.art-for-good.org\\\/#website\"},\"primaryImageOfPage\":{\"@id\":\"https:\\\/\\\/www.art-for-good.org\\\/2026\\\/03\\\/11\\\/art-up-lille-2026-art-for-good-met-lart-engage-a-lhonneur\\\/#primaryimage\"},\"image\":{\"@id\":\"https:\\\/\\\/www.art-for-good.org\\\/2026\\\/03\\\/11\\\/art-up-lille-2026-art-for-good-met-lart-engage-a-lhonneur\\\/#primaryimage\"},\"thumbnailUrl\":\"https:\\\/\\\/www.art-for-good.org\\\/wp-content\\\/uploads\\\/2026\\\/03\\\/artuplille.png\",\"datePublished\":\"2026-03-11T08:02:38+00:00\",\"dateModified\":\"2026-03-11T08:37:31+00:00\",\"breadcrumb\":{\"@id\":\"https:\\\/\\\/www.art-for-good.org\\\/2026\\\/03\\\/11\\\/art-up-lille-2026-art-for-good-met-lart-engage-a-lhonneur\\\/#breadcrumb\"},\"inLanguage\":\"en-US\",\"potentialAction\":[{\"@type\":\"ReadAction\",\"target\":[\"https:\\\/\\\/www.art-for-good.org\\\/2026\\\/03\\\/11\\\/art-up-lille-2026-art-for-good-met-lart-engage-a-lhonneur\\\/\"]}]},{\"@type\":\"ImageObject\",\"inLanguage\":\"en-US\",\"@id\":\"https:\\\/\\\/www.art-for-good.org\\\/2026\\\/03\\\/11\\\/art-up-lille-2026-art-for-good-met-lart-engage-a-lhonneur\\\/#primaryimage\",\"url\":\"https:\\\/\\\/www.art-for-good.org\\\/wp-content\\\/uploads\\\/2026\\\/03\\\/artuplille.png\",\"contentUrl\":\"https:\\\/\\\/www.art-for-good.org\\\/wp-content\\\/uploads\\\/2026\\\/03\\\/artuplille.png\",\"width\":852,\"height\":853},{\"@type\":\"BreadcrumbList\",\"@id\":\"https:\\\/\\\/www.art-for-good.org\\\/2026\\\/03\\\/11\\\/art-up-lille-2026-art-for-good-met-lart-engage-a-lhonneur\\\/#breadcrumb\",\"itemListElement\":[{\"@type\":\"ListItem\",\"position\":1,\"name\":\"Home\",\"item\":\"https:\\\/\\\/www.art-for-good.org\\\/\"},{\"@type\":\"ListItem\",\"position\":2,\"name\":\"Art Up! Lille 2026 \u2013 Art for Good met l\u2019art engag\u00e9 \u00e0 l\u2019honneur\"}]},{\"@type\":\"WebSite\",\"@id\":\"https:\\\/\\\/www.art-for-good.org\\\/#website\",\"url\":\"https:\\\/\\\/www.art-for-good.org\\\/\",\"name\":\"ArtForGood\",\"description\":\"\",\"publisher\":{\"@id\":\"https:\\\/\\\/www.art-for-good.org\\\/#organization\"},\"potentialAction\":[{\"@type\":\"SearchAction\",\"target\":{\"@type\":\"EntryPoint\",\"urlTemplate\":\"https:\\\/\\\/www.art-for-good.org\\\/?s={search_term_string}\"},\"query-input\":{\"@type\":\"PropertyValueSpecification\",\"valueRequired\":true,\"valueName\":\"search_term_string\"}}],\"inLanguage\":\"en-US\"},{\"@type\":\"Organization\",\"@id\":\"https:\\\/\\\/www.art-for-good.org\\\/#organization\",\"name\":\"Art for Good\",\"url\":\"https:\\\/\\\/www.art-for-good.org\\\/\",\"logo\":{\"@type\":\"ImageObject\",\"inLanguage\":\"en-US\",\"@id\":\"https:\\\/\\\/www.art-for-good.org\\\/#\\\/schema\\\/logo\\\/image\\\/\",\"url\":\"https:\\\/\\\/www.art-for-good.org\\\/wp-content\\\/uploads\\\/2025\\\/06\\\/logo-act-for-art-noir.png\",\"contentUrl\":\"https:\\\/\\\/www.art-for-good.org\\\/wp-content\\\/uploads\\\/2025\\\/06\\\/logo-act-for-art-noir.png\",\"width\":1215,\"height\":1115,\"caption\":\"Art for Good\"},\"image\":{\"@id\":\"https:\\\/\\\/www.art-for-good.org\\\/#\\\/schema\\\/logo\\\/image\\\/\"},\"sameAs\":[\"https:\\\/\\\/www.linkedin.com\\\/in\\\/laurentmayerparis\\\/?originalSubdomain=fr\",\"https:\\\/\\\/www.instagram.com\\\/artforgoodparis\"]},{\"@type\":\"Person\",\"@id\":\"https:\\\/\\\/www.art-for-good.org\\\/#\\\/schema\\\/person\\\/1f25cb0b74c802ba871fb7aeb85f6496\",\"name\":\"artforgood\",\"image\":{\"@type\":\"ImageObject\",\"inLanguage\":\"en-US\",\"@id\":\"https:\\\/\\\/secure.gravatar.com\\\/avatar\\\/562708d9491e277a3005ca404f64f0ab937f4fa10920acf6cca413d8d4d016ae?s=96&d=mm&r=g\",\"url\":\"https:\\\/\\\/secure.gravatar.com\\\/avatar\\\/562708d9491e277a3005ca404f64f0ab937f4fa10920acf6cca413d8d4d016ae?s=96&d=mm&r=g\",\"contentUrl\":\"https:\\\/\\\/secure.gravatar.com\\\/avatar\\\/562708d9491e277a3005ca404f64f0ab937f4fa10920acf6cca413d8d4d016ae?s=96&d=mm&r=g\",\"caption\":\"artforgood\"},\"sameAs\":[\"http:\\\/\\\/www.art-for-good.org\"],\"url\":\"https:\\\/\\\/www.art-for-good.org\\\/en\\\/author\\\/artforgood\\\/\"}]}<\/script>\n<!-- \/ Yoast SEO plugin. -->","yoast_head_json":{"title":"Art Up! Lille 2026 \u2013 Art for Good met l\u2019art engag\u00e9 \u00e0 l\u2019honneur - ArtForGood","robots":{"index":"index","follow":"follow","max-snippet":"max-snippet:-1","max-image-preview":"max-image-preview:large","max-video-preview":"max-video-preview:-1"},"canonical":"https:\/\/www.art-for-good.org\/en\/2026\/03\/11\/art-up-lille-2026-art-for-good-met-lart-engage-a-lhonneur\/","og_locale":"en_US","og_type":"article","og_title":"Art Up! Lille 2026 \u2013 Art for Good met l\u2019art engag\u00e9 \u00e0 l\u2019honneur - ArtForGood","og_description":"https:\/\/www.art-for-good.org\/wp-content\/uploads\/2026\/03\/WhatsApp-Video-2026-03-10-at-19.08.17.mp4 Du 13 au 16 mars 2026,\u00a0Art for Good\u00a0participe au\u00a0Salon Art Up! de Lille, l\u2019un des plus grands \u00e9v\u00e9nements d\u2019art contemporain en r\u00e9gion. Sur notre stand, retrouvez une s\u00e9lection d\u2019artistes \u00e9mergents et confirm\u00e9s qui explorent l\u2019art sous l\u2019angle du\u00a0sens et de l\u2019engagement. Cette ann\u00e9e, nous mettons en lumi\u00e8re des \u0153uvres qui questionnent le rapport entre l\u2019humain et son environnement. Une d\u00e9marche fid\u00e8le \u00e0 notre mission\u202f:\u00a0soutenir un art solidaire et porteur de sens, tout en favorisant la rencontre entre artistes, collectionneurs et institutions. \ud83d\udccd\u00a0Rendez-vous \u00e0 Lille Grand Palais \u2013 Stand Art for Good \u2013 Art Up! 2026\ud83d\udc49 D\u00e9couvrez le programme complet sur\u00a0artforgood.fr","og_url":"https:\/\/www.art-for-good.org\/en\/2026\/03\/11\/art-up-lille-2026-art-for-good-met-lart-engage-a-lhonneur\/","og_site_name":"ArtForGood","article_published_time":"2026-03-11T08:02:38+00:00","article_modified_time":"2026-03-11T08:37:31+00:00","og_image":[{"width":852,"height":853,"url":"https:\/\/www.art-for-good.org\/wp-content\/uploads\/2026\/03\/artuplille.png","type":"image\/png"}],"author":"artforgood","twitter_card":"summary_large_image","twitter_misc":{"Written by":"artforgood","Est. reading time":"1 minute"},"schema":{"@context":"https:\/\/schema.org","@graph":[{"@type":"Article","@id":"https:\/\/www.art-for-good.org\/2026\/03\/11\/art-up-lille-2026-art-for-good-met-lart-engage-a-lhonneur\/#article","isPartOf":{"@id":"https:\/\/www.art-for-good.org\/2026\/03\/11\/art-up-lille-2026-art-for-good-met-lart-engage-a-lhonneur\/"},"author":{"name":"artforgood","@id":"https:\/\/www.art-for-good.org\/#\/schema\/person\/1f25cb0b74c802ba871fb7aeb85f6496"},"headline":"Art Up! Lille 2026 \u2013 Art for Good met l\u2019art engag\u00e9 \u00e0 l\u2019honneur","datePublished":"2026-03-11T08:02:38+00:00","dateModified":"2026-03-11T08:37:31+00:00","mainEntityOfPage":{"@id":"https:\/\/www.art-for-good.org\/2026\/03\/11\/art-up-lille-2026-art-for-good-met-lart-engage-a-lhonneur\/"},"wordCount":138,"commentCount":0,"publisher":{"@id":"https:\/\/www.art-for-good.org\/#organization"},"image":{"@id":"https:\/\/www.art-for-good.org\/2026\/03\/11\/art-up-lille-2026-art-for-good-met-lart-engage-a-lhonneur\/#primaryimage"},"thumbnailUrl":"https:\/\/www.art-for-good.org\/wp-content\/uploads\/2026\/03\/artuplille.png","articleSection":["\u00c9v\u00e9nements"],"inLanguage":"en-US","potentialAction":[{"@type":"CommentAction","name":"Comment","target":["https:\/\/www.art-for-good.org\/2026\/03\/11\/art-up-lille-2026-art-for-good-met-lart-engage-a-lhonneur\/#respond"]}]},{"@type":"WebPage","@id":"https:\/\/www.art-for-good.org\/2026\/03\/11\/art-up-lille-2026-art-for-good-met-lart-engage-a-lhonneur\/","url":"https:\/\/www.art-for-good.org\/2026\/03\/11\/art-up-lille-2026-art-for-good-met-lart-engage-a-lhonneur\/","name":"Art Up! Lille 2026 \u2013 Art for Good met l\u2019art engag\u00e9 \u00e0 l\u2019honneur - ArtForGood","isPartOf":{"@id":"https:\/\/www.art-for-good.org\/#website"},"primaryImageOfPage":{"@id":"https:\/\/www.art-for-good.org\/2026\/03\/11\/art-up-lille-2026-art-for-good-met-lart-engage-a-lhonneur\/#primaryimage"},"image":{"@id":"https:\/\/www.art-for-good.org\/2026\/03\/11\/art-up-lille-2026-art-for-good-met-lart-engage-a-lhonneur\/#primaryimage"},"thumbnailUrl":"https:\/\/www.art-for-good.org\/wp-content\/uploads\/2026\/03\/artuplille.png","datePublished":"2026-03-11T08:02:38+00:00","dateModified":"2026-03-11T08:37:31+00:00","breadcrumb":{"@id":"https:\/\/www.art-for-good.org\/2026\/03\/11\/art-up-lille-2026-art-for-good-met-lart-engage-a-lhonneur\/#breadcrumb"},"inLanguage":"en-US","potentialAction":[{"@type":"ReadAction","target":["https:\/\/www.art-for-good.org\/2026\/03\/11\/art-up-lille-2026-art-for-good-met-lart-engage-a-lhonneur\/"]}]},{"@type":"ImageObject","inLanguage":"en-US","@id":"https:\/\/www.art-for-good.org\/2026\/03\/11\/art-up-lille-2026-art-for-good-met-lart-engage-a-lhonneur\/#primaryimage","url":"https:\/\/www.art-for-good.org\/wp-content\/uploads\/2026\/03\/artuplille.png","contentUrl":"https:\/\/www.art-for-good.org\/wp-content\/uploads\/2026\/03\/artuplille.png","width":852,"height":853},{"@type":"BreadcrumbList","@id":"https:\/\/www.art-for-good.org\/2026\/03\/11\/art-up-lille-2026-art-for-good-met-lart-engage-a-lhonneur\/#breadcrumb","itemListElement":[{"@type":"ListItem","position":1,"name":"Home","item":"https:\/\/www.art-for-good.org\/"},{"@type":"ListItem","position":2,"name":"Art Up! Lille 2026 \u2013 Art for Good met l\u2019art engag\u00e9 \u00e0 l\u2019honneur"}]},{"@type":"WebSite","@id":"https:\/\/www.art-for-good.org\/#website","url":"https:\/\/www.art-for-good.org\/","name":"ArtForGood","description":"","publisher":{"@id":"https:\/\/www.art-for-good.org\/#organization"},"potentialAction":[{"@type":"SearchAction","target":{"@type":"EntryPoint","urlTemplate":"https:\/\/www.art-for-good.org\/?s={search_term_string}"},"query-input":{"@type":"PropertyValueSpecification","valueRequired":true,"valueName":"search_term_string"}}],"inLanguage":"en-US"},{"@type":"Organization","@id":"https:\/\/www.art-for-good.org\/#organization","name":"Art for Good","url":"https:\/\/www.art-for-good.org\/","logo":{"@type":"ImageObject","inLanguage":"en-US","@id":"https:\/\/www.art-for-good.org\/#\/schema\/logo\/image\/","url":"https:\/\/www.art-for-good.org\/wp-content\/uploads\/2025\/06\/logo-act-for-art-noir.png","contentUrl":"https:\/\/www.art-for-good.org\/wp-content\/uploads\/2025\/06\/logo-act-for-art-noir.png","width":1215,"height":1115,"caption":"Art for Good"},"image":{"@id":"https:\/\/www.art-for-good.org\/#\/schema\/logo\/image\/"},"sameAs":["https:\/\/www.linkedin.com\/in\/laurentmayerparis\/?originalSubdomain=fr","https:\/\/www.instagram.com\/artforgoodparis"]},{"@type":"Person","@id":"https:\/\/www.art-for-good.org\/#\/schema\/person\/1f25cb0b74c802ba871fb7aeb85f6496","name":"artforgood","image":{"@type":"ImageObject","inLanguage":"en-US","@id":"https:\/\/secure.gravatar.com\/avatar\/562708d9491e277a3005ca404f64f0ab937f4fa10920acf6cca413d8d4d016ae?s=96&d=mm&r=g","url":"https:\/\/secure.gravatar.com\/avatar\/562708d9491e277a3005ca404f64f0ab937f4fa10920acf6cca413d8d4d016ae?s=96&d=mm&r=g","contentUrl":"https:\/\/secure.gravatar.com\/avatar\/562708d9491e277a3005ca404f64f0ab937f4fa10920acf6cca413d8d4d016ae?s=96&d=mm&r=g","caption":"artforgood"},"sameAs":["http:\/\/www.art-for-good.org"],"url":"https:\/\/www.art-for-good.org\/en\/author\/artforgood\/"}]}},"jetpack_featured_media_url":"https:\/\/www.art-for-good.org\/wp-content\/uploads\/2026\/03\/artuplille.png","jetpack_sharing_enabled":true,"_links":{"self":[{"href":"https:\/\/www.art-for-good.org\/en\/wp-json\/wp\/v2\/posts\/2883","targetHints":{"allow":["GET"]}}],"collection":[{"href":"https:\/\/www.art-for-good.org\/en\/wp-json\/wp\/v2\/posts"}],"about":[{"href":"https:\/\/www.art-for-good.org\/en\/wp-json\/wp\/v2\/types\/post"}],"author":[{"embeddable":true,"href":"https:\/\/www.art-for-good.org\/en\/wp-json\/wp\/v2\/users\/1"}],"replies":[{"embeddable":true,"href":"https:\/\/www.art-for-good.org\/en\/wp-json\/wp\/v2\/comments?post=2883"}],"version-history":[{"count":7,"href":"https:\/\/www.art-for-good.org\/en\/wp-json\/wp\/v2\/posts\/2883\/revisions"}],"predecessor-version":[{"id":2891,"href":"https:\/\/www.art-for-good.org\/en\/wp-json\/wp\/v2\/posts\/2883\/revisions\/2891"}],"wp:featuredmedia":[{"embeddable":true,"href":"https:\/\/www.art-for-good.org\/en\/wp-json\/wp\/v2\/media\/2902"}],"wp:attachment":[{"href":"https:\/\/www.art-for-good.org\/en\/wp-json\/wp\/v2\/media?parent=2883"}],"wp:term":[{"taxonomy":"category","embeddable":true,"href":"https:\/\/www.art-for-good.org\/en\/wp-json\/wp\/v2\/categories?post=2883"},{"taxonomy":"post_tag","embeddable":true,"href":"https:\/\/www.art-for-good.org\/en\/wp-json\/wp\/v2\/tags?post=2883"}],"curies":[{"name":"wp","href":"https:\/\/api.w.org\/{rel}","templated":true}]}}